{"id":4716,"date":"2021-08-30T10:11:42","date_gmt":"2021-08-30T10:11:42","guid":{"rendered":"https:\/\/gavina.quimeras.cat\/associacio-aurora-i-camping-gavina-un-acuerdo-para-conservar-la-biodiversidad\/"},"modified":"2021-11-30T18:38:12","modified_gmt":"2021-11-30T18:38:12","slug":"associacio-aurora-i-camping-gavina-un-acuerdo-para-conservar-la-biodiversidad","status":"publish","type":"post","link":"https:\/\/campinggavina.com\/ca\/associacio-aurora-i-camping-gavina-un-acuerdo-para-conservar-la-biodiversidad\/","title":{"rendered":"Associaci\u00f3 Aurora i Camping Gavina, un acord per conservar la biodiversitat"},"content":{"rendered":"\n<div class=\"row\"  id=\"row-1882424260\">\n\n\n\t<div id=\"col-1970797750\" class=\"col medium-6 small-12 large-6\"  >\n\t\t\t\t<div class=\"col-inner\"  >\n\t\t\t\n\t\t\t\n\n\t<div class=\"img has-hover x md-x lg-x y md-y lg-y\" id=\"image_1204279253\">\n\t\t\t\t\t\t\t\t<div class=\"img-inner dark\" >\n\t\t\t<img loading=\"lazy\" decoding=\"async\" width=\"1020\" height=\"549\" src=\"https:\/\/campinggavina.com\/wp-content\/uploads\/2021\/08\/assosiacio\u0301aurora-1024x551.jpeg\" class=\"attachment-large size-large\" alt=\"\" srcset=\"https:\/\/campinggavina.com\/wp-content\/uploads\/2021\/08\/assosiacio\u0301aurora-1024x551.jpeg 1024w, https:\/\/campinggavina.com\/wp-content\/uploads\/2021\/08\/assosiacio\u0301aurora-300x162.jpeg 300w, https:\/\/campinggavina.com\/wp-content\/uploads\/2021\/08\/assosiacio\u0301aurora-768x414.jpeg 768w, https:\/\/campinggavina.com\/wp-content\/uploads\/2021\/08\/assosiacio\u0301aurora.jpeg 1536w\" sizes=\"auto, (max-width: 1020px) 100vw, 1020px\" \/>\t\t\t\t\t\t\n\t\t\t\t\t<\/div>\n\t\t\t\t\t\t\t\t\n<style>\n#image_1204279253 {\n  width: 100%;\n}\n<\/style>\n\t<\/div>\n\t\n\n\n\t\t<\/div>\n\t\t\t\t\t<\/div>\n\n\t\n\n\t<div id=\"col-1970251129\" class=\"col medium-6 small-12 large-6\"  >\n\t\t\t\t<div class=\"col-inner\"  >\n\t\t\t\n\t\t\t\n\n<p>El <a href=\"https:\/\/campingscat.com\/es\/costa-daurada\/camping-gavina-yelloh-village\/\">Camping Gavina<\/a> i l&#8217;<a href=\"https:\/\/www.associacioaurora.org\/\">Associaci\u00f3 Aurora<\/a>, entitat social que integra persones amb problemes de salut mental i que promou la recuperaci\u00f3 ambiental d&#8217;espais naturals del Camp de Tarragona, han signat un acord de col\u00b7laboraci\u00f3 per fomentar la conservaci\u00f3 de l&#8217;Espai Natural Protegit de la Platja de Torredembarra i Creixell. L&#8217;objectiu \u00e9s preservar els valors naturals i plantejar un conjunt d&#8217;accions dirigides a la conservaci\u00f3 de la biodiversitat d&#8217;aquest entorn.<\/p>\n\n\t\t<\/div>\n\t\t\t\t\t<\/div>\n\n\t\n\n\t<div id=\"col-756794754\" class=\"col small-12 large-12\"  >\n\t\t\t\t<div class=\"col-inner\"  >\n\t\t\t\n\t\t\t\n\n<p>Una de les primeres actuacions que es plantegen, en el marc d&#8217;aquest acord de col\u00b7laboraci\u00f3, \u00e9s <strong>l&#8217;abalisament d&#8217;una part de la platja per afavorir la recuperaci\u00f3 de la duna davant del c\u00e0mping i donar continu\u00eftat al sistema dunar ja existent<\/strong>. Aquesta actuaci\u00f3 la dur\u00e0 a terme un equip de l&#8217;Associaci\u00f3 Aurora.<\/p>\n<p>L&#8217;entitat tamb\u00e9 dur\u00e0 a terme <strong>una jornada formativa per als treballadors del c\u00e0mping amb l&#8217;objectiu de con\u00e8ixer millor l&#8217;espai natural i la seva biodiversitat<\/strong>. A m\u00e9s, realitzar\u00e0 activitats d&#8217;educaci\u00f3 ambiental i de descobriment de l&#8217;entorn per als usuaris del c\u00e0mping els mesos d&#8217;estiu.<\/p>\n<p><strong>El Camping Gavina<\/strong>, coneixedor de la responsabilitat d&#8217;estar en un enclavament protegit natural, <strong>va obtenir el 2019 el certificat de Qualitat Mediambiental que atorga la Generalitat de Catalunya.<\/strong><\/p>\n<p>El Camping Gavina i l&#8217;Associaci\u00f3 Aurora estan d&#8217;acord amb la necessitat de fer compatible l&#8217;\u00fas del territori amb la conservaci\u00f3 dels elements naturals, paisatg\u00edstics i patrimonials, perqu\u00e8 puguin gaudir totes les persones i tamb\u00e9 les generacions futures. <strong>Per aquest motiu, han establert aquest marc de col\u00b7laboraci\u00f3 per fomentar la conservaci\u00f3 d&#8217;aquest espai natural i sensibilitzar la ciutadania.<\/strong><\/p>\n\n\t\t<\/div>\n\t\t\t\t\t<\/div>\n\n\t\n\n<\/div>\n\n","protected":false},"excerpt":{"rendered":"","protected":false},"author":1,"featured_media":4717,"comment_status":"open","ping_status":"open","sticky":false,"template":"","format":"standard","meta":{"footnotes":""},"categories":[43],"tags":[],"class_list":["post-4716","post","type-post","status-publish","format-standard","has-post-thumbnail","hentry","category-noticias-ca"],"yoast_head":"<!-- This site is optimized with the Yoast SEO plugin v27.0 - https:\/\/yoast.com\/product\/yoast-seo-wordpress\/ -->\n<title>Associaci\u00f3 Aurora i Camping Gavina, un acord per conservar la biodiversitat - Camping Gavina Village<\/title>\n<meta name=\"robots\" content=\"index, follow, max-snippet:-1, max-image-preview:large, max-video-preview:-1\" \/>\n<link rel=\"canonical\" href=\"https:\/\/campinggavina.com\/ca\/associacio-aurora-i-camping-gavina-un-acuerdo-para-conservar-la-biodiversidad\/\" \/>\n<meta property=\"og:locale\" content=\"ca_ES\" \/>\n<meta property=\"og:type\" content=\"article\" \/>\n<meta property=\"og:title\" content=\"Associaci\u00f3 Aurora i Camping Gavina, un acord per conservar la biodiversitat - Camping Gavina Village\" \/>\n<meta property=\"og:url\" content=\"https:\/\/campinggavina.com\/ca\/associacio-aurora-i-camping-gavina-un-acuerdo-para-conservar-la-biodiversidad\/\" \/>\n<meta property=\"og:site_name\" content=\"Camping Gavina Village\" \/>\n<meta property=\"article:published_time\" content=\"2021-08-30T10:11:42+00:00\" \/>\n<meta property=\"article:modified_time\" content=\"2021-11-30T18:38:12+00:00\" \/>\n<meta property=\"og:image\" content=\"https:\/\/campinggavina.com\/wp-content\/uploads\/2021\/08\/assosiacio\u0301aurora.jpeg\" \/>\n\t<meta property=\"og:image:width\" content=\"1536\" \/>\n\t<meta property=\"og:image:height\" content=\"827\" \/>\n\t<meta property=\"og:image:type\" content=\"image\/jpeg\" \/>\n<meta name=\"author\" content=\"admin\" \/>\n<meta name=\"twitter:card\" content=\"summary_large_image\" \/>\n<meta name=\"twitter:label1\" content=\"Escrit per\" \/>\n\t<meta name=\"twitter:data1\" content=\"admin\" \/>\n\t<meta name=\"twitter:label2\" content=\"Temps estimat de lectura\" \/>\n\t<meta name=\"twitter:data2\" content=\"2 minuts\" \/>\n<script type=\"application\/ld+json\" class=\"yoast-schema-graph\">{\"@context\":\"https:\/\/schema.org\",\"@graph\":[{\"@type\":\"Article\",\"@id\":\"https:\/\/campinggavina.com\/ca\/associacio-aurora-i-camping-gavina-un-acuerdo-para-conservar-la-biodiversidad\/#article\",\"isPartOf\":{\"@id\":\"https:\/\/campinggavina.com\/ca\/associacio-aurora-i-camping-gavina-un-acuerdo-para-conservar-la-biodiversidad\/\"},\"author\":{\"name\":\"admin\",\"@id\":\"https:\/\/campinggavina.com\/#\/schema\/person\/e8ed112b3c08eda9a71f6a2ed4cc87ca\"},\"headline\":\"Associaci\u00f3 Aurora i Camping Gavina, un acord per conservar la biodiversitat\",\"datePublished\":\"2021-08-30T10:11:42+00:00\",\"dateModified\":\"2021-11-30T18:38:12+00:00\",\"mainEntityOfPage\":{\"@id\":\"https:\/\/campinggavina.com\/ca\/associacio-aurora-i-camping-gavina-un-acuerdo-para-conservar-la-biodiversidad\/\"},\"wordCount\":288,\"commentCount\":0,\"image\":{\"@id\":\"https:\/\/campinggavina.com\/ca\/associacio-aurora-i-camping-gavina-un-acuerdo-para-conservar-la-biodiversidad\/#primaryimage\"},\"thumbnailUrl\":\"https:\/\/campinggavina.com\/wp-content\/uploads\/2021\/08\/assosiacio\u0301aurora.jpeg\",\"articleSection\":[\"Noticias\"],\"inLanguage\":\"ca\",\"potentialAction\":[{\"@type\":\"CommentAction\",\"name\":\"Comment\",\"target\":[\"https:\/\/campinggavina.com\/ca\/associacio-aurora-i-camping-gavina-un-acuerdo-para-conservar-la-biodiversidad\/#respond\"]}]},{\"@type\":\"WebPage\",\"@id\":\"https:\/\/campinggavina.com\/ca\/associacio-aurora-i-camping-gavina-un-acuerdo-para-conservar-la-biodiversidad\/\",\"url\":\"https:\/\/campinggavina.com\/ca\/associacio-aurora-i-camping-gavina-un-acuerdo-para-conservar-la-biodiversidad\/\",\"name\":\"Associaci\u00f3 Aurora i Camping Gavina, un acord per conservar la biodiversitat - Camping Gavina Village\",\"isPartOf\":{\"@id\":\"https:\/\/campinggavina.com\/#website\"},\"primaryImageOfPage\":{\"@id\":\"https:\/\/campinggavina.com\/ca\/associacio-aurora-i-camping-gavina-un-acuerdo-para-conservar-la-biodiversidad\/#primaryimage\"},\"image\":{\"@id\":\"https:\/\/campinggavina.com\/ca\/associacio-aurora-i-camping-gavina-un-acuerdo-para-conservar-la-biodiversidad\/#primaryimage\"},\"thumbnailUrl\":\"https:\/\/campinggavina.com\/wp-content\/uploads\/2021\/08\/assosiacio\u0301aurora.jpeg\",\"datePublished\":\"2021-08-30T10:11:42+00:00\",\"dateModified\":\"2021-11-30T18:38:12+00:00\",\"author\":{\"@id\":\"https:\/\/campinggavina.com\/#\/schema\/person\/e8ed112b3c08eda9a71f6a2ed4cc87ca\"},\"breadcrumb\":{\"@id\":\"https:\/\/campinggavina.com\/ca\/associacio-aurora-i-camping-gavina-un-acuerdo-para-conservar-la-biodiversidad\/#breadcrumb\"},\"inLanguage\":\"ca\",\"potentialAction\":[{\"@type\":\"ReadAction\",\"target\":[\"https:\/\/campinggavina.com\/ca\/associacio-aurora-i-camping-gavina-un-acuerdo-para-conservar-la-biodiversidad\/\"]}]},{\"@type\":\"ImageObject\",\"inLanguage\":\"ca\",\"@id\":\"https:\/\/campinggavina.com\/ca\/associacio-aurora-i-camping-gavina-un-acuerdo-para-conservar-la-biodiversidad\/#primaryimage\",\"url\":\"https:\/\/campinggavina.com\/wp-content\/uploads\/2021\/08\/assosiacio\u0301aurora.jpeg\",\"contentUrl\":\"https:\/\/campinggavina.com\/wp-content\/uploads\/2021\/08\/assosiacio\u0301aurora.jpeg\",\"width\":1536,\"height\":827},{\"@type\":\"BreadcrumbList\",\"@id\":\"https:\/\/campinggavina.com\/ca\/associacio-aurora-i-camping-gavina-un-acuerdo-para-conservar-la-biodiversidad\/#breadcrumb\",\"itemListElement\":[{\"@type\":\"ListItem\",\"position\":1,\"name\":\"Portada\",\"item\":\"https:\/\/campinggavina.com\/ca\/\"},{\"@type\":\"ListItem\",\"position\":2,\"name\":\"Associaci\u00f3 Aurora i Camping Gavina, un acord per conservar la biodiversitat\"}]},{\"@type\":\"WebSite\",\"@id\":\"https:\/\/campinggavina.com\/#website\",\"url\":\"https:\/\/campinggavina.com\/\",\"name\":\"Camping Gavina Village\",\"description\":\"Unwind your experience\",\"potentialAction\":[{\"@type\":\"SearchAction\",\"target\":{\"@type\":\"EntryPoint\",\"urlTemplate\":\"https:\/\/campinggavina.com\/?s={search_term_string}\"},\"query-input\":{\"@type\":\"PropertyValueSpecification\",\"valueRequired\":true,\"valueName\":\"search_term_string\"}}],\"inLanguage\":\"ca\"},{\"@type\":\"Person\",\"@id\":\"https:\/\/campinggavina.com\/#\/schema\/person\/e8ed112b3c08eda9a71f6a2ed4cc87ca\",\"name\":\"admin\",\"image\":{\"@type\":\"ImageObject\",\"inLanguage\":\"ca\",\"@id\":\"https:\/\/campinggavina.com\/#\/schema\/person\/image\/\",\"url\":\"https:\/\/secure.gravatar.com\/avatar\/7d823517b9e51c132753b152d5f91b571bf18272ed15c5d7c6b29dd1acc679c2?s=96&d=mm&r=g\",\"contentUrl\":\"https:\/\/secure.gravatar.com\/avatar\/7d823517b9e51c132753b152d5f91b571bf18272ed15c5d7c6b29dd1acc679c2?s=96&d=mm&r=g\",\"caption\":\"admin\"},\"sameAs\":[\"https:\/\/gavina.quimeras.cat\"],\"url\":\"https:\/\/campinggavina.com\/ca\/author\/admin\/\"}]}<\/script>\n<!-- \/ Yoast SEO plugin. -->","yoast_head_json":{"title":"Associaci\u00f3 Aurora i Camping Gavina, un acord per conservar la biodiversitat - Camping Gavina Village","robots":{"index":"index","follow":"follow","max-snippet":"max-snippet:-1","max-image-preview":"max-image-preview:large","max-video-preview":"max-video-preview:-1"},"canonical":"https:\/\/campinggavina.com\/ca\/associacio-aurora-i-camping-gavina-un-acuerdo-para-conservar-la-biodiversidad\/","og_locale":"ca_ES","og_type":"article","og_title":"Associaci\u00f3 Aurora i Camping Gavina, un acord per conservar la biodiversitat - Camping Gavina Village","og_url":"https:\/\/campinggavina.com\/ca\/associacio-aurora-i-camping-gavina-un-acuerdo-para-conservar-la-biodiversidad\/","og_site_name":"Camping Gavina Village","article_published_time":"2021-08-30T10:11:42+00:00","article_modified_time":"2021-11-30T18:38:12+00:00","og_image":[{"width":1536,"height":827,"url":"https:\/\/campinggavina.com\/wp-content\/uploads\/2021\/08\/assosiacio\u0301aurora.jpeg","type":"image\/jpeg"}],"author":"admin","twitter_card":"summary_large_image","twitter_misc":{"Escrit per":"admin","Temps estimat de lectura":"2 minuts"},"schema":{"@context":"https:\/\/schema.org","@graph":[{"@type":"Article","@id":"https:\/\/campinggavina.com\/ca\/associacio-aurora-i-camping-gavina-un-acuerdo-para-conservar-la-biodiversidad\/#article","isPartOf":{"@id":"https:\/\/campinggavina.com\/ca\/associacio-aurora-i-camping-gavina-un-acuerdo-para-conservar-la-biodiversidad\/"},"author":{"name":"admin","@id":"https:\/\/campinggavina.com\/#\/schema\/person\/e8ed112b3c08eda9a71f6a2ed4cc87ca"},"headline":"Associaci\u00f3 Aurora i Camping Gavina, un acord per conservar la biodiversitat","datePublished":"2021-08-30T10:11:42+00:00","dateModified":"2021-11-30T18:38:12+00:00","mainEntityOfPage":{"@id":"https:\/\/campinggavina.com\/ca\/associacio-aurora-i-camping-gavina-un-acuerdo-para-conservar-la-biodiversidad\/"},"wordCount":288,"commentCount":0,"image":{"@id":"https:\/\/campinggavina.com\/ca\/associacio-aurora-i-camping-gavina-un-acuerdo-para-conservar-la-biodiversidad\/#primaryimage"},"thumbnailUrl":"https:\/\/campinggavina.com\/wp-content\/uploads\/2021\/08\/assosiacio\u0301aurora.jpeg","articleSection":["Noticias"],"inLanguage":"ca","potentialAction":[{"@type":"CommentAction","name":"Comment","target":["https:\/\/campinggavina.com\/ca\/associacio-aurora-i-camping-gavina-un-acuerdo-para-conservar-la-biodiversidad\/#respond"]}]},{"@type":"WebPage","@id":"https:\/\/campinggavina.com\/ca\/associacio-aurora-i-camping-gavina-un-acuerdo-para-conservar-la-biodiversidad\/","url":"https:\/\/campinggavina.com\/ca\/associacio-aurora-i-camping-gavina-un-acuerdo-para-conservar-la-biodiversidad\/","name":"Associaci\u00f3 Aurora i Camping Gavina, un acord per conservar la biodiversitat - Camping Gavina Village","isPartOf":{"@id":"https:\/\/campinggavina.com\/#website"},"primaryImageOfPage":{"@id":"https:\/\/campinggavina.com\/ca\/associacio-aurora-i-camping-gavina-un-acuerdo-para-conservar-la-biodiversidad\/#primaryimage"},"image":{"@id":"https:\/\/campinggavina.com\/ca\/associacio-aurora-i-camping-gavina-un-acuerdo-para-conservar-la-biodiversidad\/#primaryimage"},"thumbnailUrl":"https:\/\/campinggavina.com\/wp-content\/uploads\/2021\/08\/assosiacio\u0301aurora.jpeg","datePublished":"2021-08-30T10:11:42+00:00","dateModified":"2021-11-30T18:38:12+00:00","author":{"@id":"https:\/\/campinggavina.com\/#\/schema\/person\/e8ed112b3c08eda9a71f6a2ed4cc87ca"},"breadcrumb":{"@id":"https:\/\/campinggavina.com\/ca\/associacio-aurora-i-camping-gavina-un-acuerdo-para-conservar-la-biodiversidad\/#breadcrumb"},"inLanguage":"ca","potentialAction":[{"@type":"ReadAction","target":["https:\/\/campinggavina.com\/ca\/associacio-aurora-i-camping-gavina-un-acuerdo-para-conservar-la-biodiversidad\/"]}]},{"@type":"ImageObject","inLanguage":"ca","@id":"https:\/\/campinggavina.com\/ca\/associacio-aurora-i-camping-gavina-un-acuerdo-para-conservar-la-biodiversidad\/#primaryimage","url":"https:\/\/campinggavina.com\/wp-content\/uploads\/2021\/08\/assosiacio\u0301aurora.jpeg","contentUrl":"https:\/\/campinggavina.com\/wp-content\/uploads\/2021\/08\/assosiacio\u0301aurora.jpeg","width":1536,"height":827},{"@type":"BreadcrumbList","@id":"https:\/\/campinggavina.com\/ca\/associacio-aurora-i-camping-gavina-un-acuerdo-para-conservar-la-biodiversidad\/#breadcrumb","itemListElement":[{"@type":"ListItem","position":1,"name":"Portada","item":"https:\/\/campinggavina.com\/ca\/"},{"@type":"ListItem","position":2,"name":"Associaci\u00f3 Aurora i Camping Gavina, un acord per conservar la biodiversitat"}]},{"@type":"WebSite","@id":"https:\/\/campinggavina.com\/#website","url":"https:\/\/campinggavina.com\/","name":"Camping Gavina Village","description":"Unwind your experience","potentialAction":[{"@type":"SearchAction","target":{"@type":"EntryPoint","urlTemplate":"https:\/\/campinggavina.com\/?s={search_term_string}"},"query-input":{"@type":"PropertyValueSpecification","valueRequired":true,"valueName":"search_term_string"}}],"inLanguage":"ca"},{"@type":"Person","@id":"https:\/\/campinggavina.com\/#\/schema\/person\/e8ed112b3c08eda9a71f6a2ed4cc87ca","name":"admin","image":{"@type":"ImageObject","inLanguage":"ca","@id":"https:\/\/campinggavina.com\/#\/schema\/person\/image\/","url":"https:\/\/secure.gravatar.com\/avatar\/7d823517b9e51c132753b152d5f91b571bf18272ed15c5d7c6b29dd1acc679c2?s=96&d=mm&r=g","contentUrl":"https:\/\/secure.gravatar.com\/avatar\/7d823517b9e51c132753b152d5f91b571bf18272ed15c5d7c6b29dd1acc679c2?s=96&d=mm&r=g","caption":"admin"},"sameAs":["https:\/\/gavina.quimeras.cat"],"url":"https:\/\/campinggavina.com\/ca\/author\/admin\/"}]}},"_links":{"self":[{"href":"https:\/\/campinggavina.com\/ca\/wp-json\/wp\/v2\/posts\/4716","targetHints":{"allow":["GET"]}}],"collection":[{"href":"https:\/\/campinggavina.com\/ca\/wp-json\/wp\/v2\/posts"}],"about":[{"href":"https:\/\/campinggavina.com\/ca\/wp-json\/wp\/v2\/types\/post"}],"author":[{"embeddable":true,"href":"https:\/\/campinggavina.com\/ca\/wp-json\/wp\/v2\/users\/1"}],"replies":[{"embeddable":true,"href":"https:\/\/campinggavina.com\/ca\/wp-json\/wp\/v2\/comments?post=4716"}],"version-history":[{"count":5,"href":"https:\/\/campinggavina.com\/ca\/wp-json\/wp\/v2\/posts\/4716\/revisions"}],"predecessor-version":[{"id":4725,"href":"https:\/\/campinggavina.com\/ca\/wp-json\/wp\/v2\/posts\/4716\/revisions\/4725"}],"wp:featuredmedia":[{"embeddable":true,"href":"https:\/\/campinggavina.com\/ca\/wp-json\/wp\/v2\/media\/4717"}],"wp:attachment":[{"href":"https:\/\/campinggavina.com\/ca\/wp-json\/wp\/v2\/media?parent=4716"}],"wp:term":[{"taxonomy":"category","embeddable":true,"href":"https:\/\/campinggavina.com\/ca\/wp-json\/wp\/v2\/categories?post=4716"},{"taxonomy":"post_tag","embeddable":true,"href":"https:\/\/campinggavina.com\/ca\/wp-json\/wp\/v2\/tags?post=4716"}],"curies":[{"name":"wp","href":"https:\/\/api.w.org\/{rel}","templated":true}]}}